{"id":42662,"date":"2025-02-20T14:26:13","date_gmt":"2025-02-20T13:26:13","guid":{"rendered":"https:\/\/www.tecnodiamant.it\/mi-clima-forma-nuestro-futuro-el-compromiso-de-dkv-por-un-manana-mas-sostenible\/"},"modified":"2025-02-20T14:26:13","modified_gmt":"2025-02-20T13:26:13","slug":"mi-clima-forma-nuestro-futuro-el-compromiso-de-dkv-por-un-manana-mas-sostenible","status":"publish","type":"post","link":"https:\/\/www.tecnodiamant.it\/es\/mi-clima-forma-nuestro-futuro-el-compromiso-de-dkv-por-un-manana-mas-sostenible\/","title":{"rendered":"Mi clima, forma nuestro futuro: el compromiso de DKV por un ma\u00f1ana m\u00e1s sostenible"},"content":{"rendered":"<p data-start=\"127\" data-end=\"192\"><strong data-start=\"127\" data-end=\"185\">Mi clima, forja nuestro futuro: DKV impulsa el cambio<\/strong> \ud83c\udf31\ud83d\udc9a<\/p>\n<p data-start=\"194\" data-end=\"470\">La sostenibilidad ya no es una opci\u00f3n, sino una responsabilidad. Con la iniciativa <strong data-start=\"273\" data-end=\"307\">\u00abMi clima, forma nuestro futuro\u00bb<\/strong>, <strong data-start=\"309\" data-end=\"316\">DKV<\/strong> refuerza su compromiso con un mundo m\u00e1s verde promoviendo soluciones innovadoras para la movilidad sostenible y la reducci\u00f3n de las emisiones de CO\u2082. <\/p>\n<p data-start=\"194\" data-end=\"470\"><strong data-start=\"811\" data-end=\"855\">\u00a1\u00danete a nosotros en esta transformaci\u00f3n!<\/strong>  Juntos podemos dar forma a un futuro m\u00e1s sostenible. \u267b\ufe0f\u2728 <\/p>\n<p data-start=\"194\" data-end=\"470\">\n<a href=\"https:\/\/www.tecnodiamant.it\/wp-content\/uploads\/2025\/02\/Climate-Certificate-4301423487-2024.pdf\" class=\"pdfemb-viewer\" style=\"\" data-width=\"max\" data-height=\"max\" data-toolbar=\"bottom\" data-toolbar-fixed=\"off\">Climate-Certificate-4301423487-2024<\/a>\n","protected":false},"excerpt":{"rendered":"<p>Mi clima, forja nuestro futuro: DKV impulsa el cambio \ud83c\udf31\ud83d\udc9a La sostenibilidad ya no es una opci\u00f3n, sino una responsabilidad. Con la iniciativa \u00abMi clima, forma nuestro futuro\u00bb, DKV refuerza su compromiso con un mundo m\u00e1s verde promoviendo soluciones innovadoras para la movilidad sostenible y la reducci\u00f3n de las emisiones de CO\u2082. \u00a1\u00danete a nosotros [&hellip;]<\/p>\n","protected":false},"author":4,"featured_media":42644,"comment_status":"closed","ping_status":"closed","sticky":false,"template":"","format":"standard","meta":{"footnotes":""},"categories":[119],"tags":[],"class_list":["post-42662","post","type-post","status-publish","format-standard","has-post-thumbnail","hentry","category-noticias"],"yoast_head":"<!-- This site is optimized with the Yoast SEO Premium plugin v27.3 (Yoast SEO v27.5) - https:\/\/yoast.com\/product\/yoast-seo-premium-wordpress\/ -->\n<title>Mi clima, forma nuestro futuro: el compromiso de DKV por un ma\u00f1ana m\u00e1s sostenible - Tecno Diamant<\/title>\n<meta name=\"description\" content=\"Tecno Diamant da oltre 30 anni \u00e8 un\u2019azienda specializzata\" \/>\n<meta name=\"robots\" content=\"index, follow, max-snippet:-1, max-image-preview:large, max-video-preview:-1\" \/>\n<link rel=\"canonical\" href=\"https:\/\/www.tecnodiamant.it\/es\/mi-clima-forma-nuestro-futuro-el-compromiso-de-dkv-por-un-manana-mas-sostenible\/\" \/>\n<meta property=\"og:locale\" content=\"es_ES\" \/>\n<meta property=\"og:type\" content=\"article\" \/>\n<meta property=\"og:title\" content=\"Mi clima, forma nuestro futuro: el compromiso de DKV por un ma\u00f1ana m\u00e1s sostenible\" \/>\n<meta property=\"og:description\" content=\"Tecno Diamant da oltre 30 anni \u00e8 un\u2019azienda specializzata\" \/>\n<meta property=\"og:url\" content=\"https:\/\/www.tecnodiamant.it\/es\/mi-clima-forma-nuestro-futuro-el-compromiso-de-dkv-por-un-manana-mas-sostenible\/\" \/>\n<meta property=\"og:site_name\" content=\"Tecno Diamant\" \/>\n<meta property=\"article:publisher\" content=\"https:\/\/www.facebook.com\/tecnodiamantsrl\" \/>\n<meta property=\"article:published_time\" content=\"2025-02-20T13:26:13+00:00\" \/>\n<meta property=\"og:image\" content=\"https:\/\/www.tecnodiamant.it\/wp-content\/uploads\/2025\/02\/Copertine-Press-Release.png\" \/>\n\t<meta property=\"og:image:width\" content=\"1200\" \/>\n\t<meta property=\"og:image:height\" content=\"600\" \/>\n\t<meta property=\"og:image:type\" content=\"image\/png\" \/>\n<meta name=\"author\" content=\"marketing\" \/>\n<meta name=\"twitter:card\" content=\"summary_large_image\" \/>\n<script type=\"application\/ld+json\" class=\"yoast-schema-graph\">{\"@context\":\"https:\\\/\\\/schema.org\",\"@graph\":[{\"@type\":\"Article\",\"@id\":\"https:\\\/\\\/www.tecnodiamant.it\\\/es\\\/mi-clima-forma-nuestro-futuro-el-compromiso-de-dkv-por-un-manana-mas-sostenible\\\/#article\",\"isPartOf\":{\"@id\":\"https:\\\/\\\/www.tecnodiamant.it\\\/es\\\/mi-clima-forma-nuestro-futuro-el-compromiso-de-dkv-por-un-manana-mas-sostenible\\\/\"},\"author\":{\"name\":\"marketing\",\"@id\":\"https:\\\/\\\/www.tecnodiamant.it\\\/ru\\\/#\\\/schema\\\/person\\\/5865365cf9a3f122fa7ba48260a24572\"},\"headline\":\"Mi clima, forma nuestro futuro: el compromiso de DKV por un ma\u00f1ana m\u00e1s sostenible\",\"datePublished\":\"2025-02-20T13:26:13+00:00\",\"mainEntityOfPage\":{\"@id\":\"https:\\\/\\\/www.tecnodiamant.it\\\/es\\\/mi-clima-forma-nuestro-futuro-el-compromiso-de-dkv-por-un-manana-mas-sostenible\\\/\"},\"wordCount\":98,\"publisher\":{\"@id\":\"https:\\\/\\\/www.tecnodiamant.it\\\/ru\\\/#organization\"},\"image\":{\"@id\":\"https:\\\/\\\/www.tecnodiamant.it\\\/es\\\/mi-clima-forma-nuestro-futuro-el-compromiso-de-dkv-por-un-manana-mas-sostenible\\\/#primaryimage\"},\"thumbnailUrl\":\"https:\\\/\\\/www.tecnodiamant.it\\\/wp-content\\\/uploads\\\/2025\\\/02\\\/Copertine-Press-Release.png\",\"articleSection\":[\"Noticias\"],\"inLanguage\":\"es\"},{\"@type\":\"WebPage\",\"@id\":\"https:\\\/\\\/www.tecnodiamant.it\\\/es\\\/mi-clima-forma-nuestro-futuro-el-compromiso-de-dkv-por-un-manana-mas-sostenible\\\/\",\"url\":\"https:\\\/\\\/www.tecnodiamant.it\\\/es\\\/mi-clima-forma-nuestro-futuro-el-compromiso-de-dkv-por-un-manana-mas-sostenible\\\/\",\"name\":\"Mi clima, forma nuestro futuro: el compromiso de DKV por un ma\u00f1ana m\u00e1s sostenible - Tecno Diamant\",\"isPartOf\":{\"@id\":\"https:\\\/\\\/www.tecnodiamant.it\\\/ru\\\/#website\"},\"primaryImageOfPage\":{\"@id\":\"https:\\\/\\\/www.tecnodiamant.it\\\/es\\\/mi-clima-forma-nuestro-futuro-el-compromiso-de-dkv-por-un-manana-mas-sostenible\\\/#primaryimage\"},\"image\":{\"@id\":\"https:\\\/\\\/www.tecnodiamant.it\\\/es\\\/mi-clima-forma-nuestro-futuro-el-compromiso-de-dkv-por-un-manana-mas-sostenible\\\/#primaryimage\"},\"thumbnailUrl\":\"https:\\\/\\\/www.tecnodiamant.it\\\/wp-content\\\/uploads\\\/2025\\\/02\\\/Copertine-Press-Release.png\",\"datePublished\":\"2025-02-20T13:26:13+00:00\",\"description\":\"Tecno Diamant da oltre 30 anni \u00e8 un\u2019azienda specializzata\",\"breadcrumb\":{\"@id\":\"https:\\\/\\\/www.tecnodiamant.it\\\/es\\\/mi-clima-forma-nuestro-futuro-el-compromiso-de-dkv-por-un-manana-mas-sostenible\\\/#breadcrumb\"},\"inLanguage\":\"es\",\"potentialAction\":[{\"@type\":\"ReadAction\",\"target\":[\"https:\\\/\\\/www.tecnodiamant.it\\\/es\\\/mi-clima-forma-nuestro-futuro-el-compromiso-de-dkv-por-un-manana-mas-sostenible\\\/\"]}]},{\"@type\":\"ImageObject\",\"inLanguage\":\"es\",\"@id\":\"https:\\\/\\\/www.tecnodiamant.it\\\/es\\\/mi-clima-forma-nuestro-futuro-el-compromiso-de-dkv-por-un-manana-mas-sostenible\\\/#primaryimage\",\"url\":\"https:\\\/\\\/www.tecnodiamant.it\\\/wp-content\\\/uploads\\\/2025\\\/02\\\/Copertine-Press-Release.png\",\"contentUrl\":\"https:\\\/\\\/www.tecnodiamant.it\\\/wp-content\\\/uploads\\\/2025\\\/02\\\/Copertine-Press-Release.png\",\"width\":1200,\"height\":600},{\"@type\":\"BreadcrumbList\",\"@id\":\"https:\\\/\\\/www.tecnodiamant.it\\\/es\\\/mi-clima-forma-nuestro-futuro-el-compromiso-de-dkv-por-un-manana-mas-sostenible\\\/#breadcrumb\",\"itemListElement\":[{\"@type\":\"ListItem\",\"position\":1,\"name\":\"Home\",\"item\":\"https:\\\/\\\/www.tecnodiamant.it\\\/es\\\/home-2\\\/\"},{\"@type\":\"ListItem\",\"position\":2,\"name\":\"Mi clima, forma nuestro futuro: el compromiso de DKV por un ma\u00f1ana m\u00e1s sostenible\"}]},{\"@type\":\"WebSite\",\"@id\":\"https:\\\/\\\/www.tecnodiamant.it\\\/ru\\\/#website\",\"url\":\"https:\\\/\\\/www.tecnodiamant.it\\\/ru\\\/\",\"name\":\"Tecno Diamant\",\"description\":\"Diamanti Industriali\",\"publisher\":{\"@id\":\"https:\\\/\\\/www.tecnodiamant.it\\\/ru\\\/#organization\"},\"potentialAction\":[{\"@type\":\"SearchAction\",\"target\":{\"@type\":\"EntryPoint\",\"urlTemplate\":\"https:\\\/\\\/www.tecnodiamant.it\\\/ru\\\/?s={search_term_string}\"},\"query-input\":{\"@type\":\"PropertyValueSpecification\",\"valueRequired\":true,\"valueName\":\"search_term_string\"}}],\"inLanguage\":\"es\"},{\"@type\":\"Organization\",\"@id\":\"https:\\\/\\\/www.tecnodiamant.it\\\/ru\\\/#organization\",\"name\":\"Tecno Diamant Srl\",\"url\":\"https:\\\/\\\/www.tecnodiamant.it\\\/ru\\\/\",\"logo\":{\"@type\":\"ImageObject\",\"inLanguage\":\"es\",\"@id\":\"https:\\\/\\\/www.tecnodiamant.it\\\/ru\\\/#\\\/schema\\\/logo\\\/image\\\/\",\"url\":\"https:\\\/\\\/www.tecnodiamant.it\\\/wp-content\\\/uploads\\\/2022\\\/01\\\/Senza-titolo-2.jpg\",\"contentUrl\":\"https:\\\/\\\/www.tecnodiamant.it\\\/wp-content\\\/uploads\\\/2022\\\/01\\\/Senza-titolo-2.jpg\",\"width\":1200,\"height\":1200,\"caption\":\"Tecno Diamant Srl\"},\"image\":{\"@id\":\"https:\\\/\\\/www.tecnodiamant.it\\\/ru\\\/#\\\/schema\\\/logo\\\/image\\\/\"},\"sameAs\":[\"https:\\\/\\\/www.facebook.com\\\/tecnodiamantsrl\",\"https:\\\/\\\/www.instagram.com\\\/tecnodiamant\\\/\",\"https:\\\/\\\/www.linkedin.com\\\/company\\\/tecnodiamant\",\"https:\\\/\\\/www.youtube.com\\\/watch?v=h-91_36K27g\"],\"description\":\"Tecno Diamant \u2013 Diamanti Industriali \u00e8 un\u2019azienda leader nella produzione e distribuzione di utensili diamantati per gres porcellanato, monocottura, pietre naturali, marmi e graniti. Nata nel 1995 e con sede a Formigine, \u00e8 stata scelta da prestigiose realt\u00e0 ceramiche come partner nelle operazioni di Taglio, Rettifica, Levigatura, Bisellatura, Squadratura e Lappatura. Siamo specializzati nella produzione e vendita di utensili \u201csu misura\u201d, in grado di anticipare le esigenze di mercato e rispondere esattamente alla richiesta del Cliente, privilegiando l\u2019aspetto legato alla salute e al benessere nel rispetto dell\u2019ambiente e di tutta la societ\u00e0. Crediamo molto nella ricerca, nella tecnologia e nell\u2019innovazione che sono anche le caratteristiche che ci rappresentano.\",\"email\":\"info@tecnodiamant.it\",\"telephone\":\"059 215 4420\",\"legalName\":\"Tecno Diamant Srl\",\"vatID\":\"02301500365\",\"taxID\":\"02301500365\",\"numberOfEmployees\":{\"@type\":\"QuantitativeValue\",\"minValue\":\"51\",\"maxValue\":\"200\"}},{\"@type\":\"Person\",\"@id\":\"https:\\\/\\\/www.tecnodiamant.it\\\/ru\\\/#\\\/schema\\\/person\\\/5865365cf9a3f122fa7ba48260a24572\",\"name\":\"marketing\",\"url\":\"https:\\\/\\\/www.tecnodiamant.it\\\/es\\\/author\\\/marketing\\\/\"}]}<\/script>\n<!-- \/ Yoast SEO Premium plugin. -->","yoast_head_json":{"title":"Mi clima, forma nuestro futuro: el compromiso de DKV por un ma\u00f1ana m\u00e1s sostenible - Tecno Diamant","description":"Tecno Diamant da oltre 30 anni \u00e8 un\u2019azienda specializzata","robots":{"index":"index","follow":"follow","max-snippet":"max-snippet:-1","max-image-preview":"max-image-preview:large","max-video-preview":"max-video-preview:-1"},"canonical":"https:\/\/www.tecnodiamant.it\/es\/mi-clima-forma-nuestro-futuro-el-compromiso-de-dkv-por-un-manana-mas-sostenible\/","og_locale":"es_ES","og_type":"article","og_title":"Mi clima, forma nuestro futuro: el compromiso de DKV por un ma\u00f1ana m\u00e1s sostenible","og_description":"Tecno Diamant da oltre 30 anni \u00e8 un\u2019azienda specializzata","og_url":"https:\/\/www.tecnodiamant.it\/es\/mi-clima-forma-nuestro-futuro-el-compromiso-de-dkv-por-un-manana-mas-sostenible\/","og_site_name":"Tecno Diamant","article_publisher":"https:\/\/www.facebook.com\/tecnodiamantsrl","article_published_time":"2025-02-20T13:26:13+00:00","og_image":[{"width":1200,"height":600,"url":"https:\/\/www.tecnodiamant.it\/wp-content\/uploads\/2025\/02\/Copertine-Press-Release.png","type":"image\/png"}],"author":"marketing","twitter_card":"summary_large_image","schema":{"@context":"https:\/\/schema.org","@graph":[{"@type":"Article","@id":"https:\/\/www.tecnodiamant.it\/es\/mi-clima-forma-nuestro-futuro-el-compromiso-de-dkv-por-un-manana-mas-sostenible\/#article","isPartOf":{"@id":"https:\/\/www.tecnodiamant.it\/es\/mi-clima-forma-nuestro-futuro-el-compromiso-de-dkv-por-un-manana-mas-sostenible\/"},"author":{"name":"marketing","@id":"https:\/\/www.tecnodiamant.it\/ru\/#\/schema\/person\/5865365cf9a3f122fa7ba48260a24572"},"headline":"Mi clima, forma nuestro futuro: el compromiso de DKV por un ma\u00f1ana m\u00e1s sostenible","datePublished":"2025-02-20T13:26:13+00:00","mainEntityOfPage":{"@id":"https:\/\/www.tecnodiamant.it\/es\/mi-clima-forma-nuestro-futuro-el-compromiso-de-dkv-por-un-manana-mas-sostenible\/"},"wordCount":98,"publisher":{"@id":"https:\/\/www.tecnodiamant.it\/ru\/#organization"},"image":{"@id":"https:\/\/www.tecnodiamant.it\/es\/mi-clima-forma-nuestro-futuro-el-compromiso-de-dkv-por-un-manana-mas-sostenible\/#primaryimage"},"thumbnailUrl":"https:\/\/www.tecnodiamant.it\/wp-content\/uploads\/2025\/02\/Copertine-Press-Release.png","articleSection":["Noticias"],"inLanguage":"es"},{"@type":"WebPage","@id":"https:\/\/www.tecnodiamant.it\/es\/mi-clima-forma-nuestro-futuro-el-compromiso-de-dkv-por-un-manana-mas-sostenible\/","url":"https:\/\/www.tecnodiamant.it\/es\/mi-clima-forma-nuestro-futuro-el-compromiso-de-dkv-por-un-manana-mas-sostenible\/","name":"Mi clima, forma nuestro futuro: el compromiso de DKV por un ma\u00f1ana m\u00e1s sostenible - Tecno Diamant","isPartOf":{"@id":"https:\/\/www.tecnodiamant.it\/ru\/#website"},"primaryImageOfPage":{"@id":"https:\/\/www.tecnodiamant.it\/es\/mi-clima-forma-nuestro-futuro-el-compromiso-de-dkv-por-un-manana-mas-sostenible\/#primaryimage"},"image":{"@id":"https:\/\/www.tecnodiamant.it\/es\/mi-clima-forma-nuestro-futuro-el-compromiso-de-dkv-por-un-manana-mas-sostenible\/#primaryimage"},"thumbnailUrl":"https:\/\/www.tecnodiamant.it\/wp-content\/uploads\/2025\/02\/Copertine-Press-Release.png","datePublished":"2025-02-20T13:26:13+00:00","description":"Tecno Diamant da oltre 30 anni \u00e8 un\u2019azienda specializzata","breadcrumb":{"@id":"https:\/\/www.tecnodiamant.it\/es\/mi-clima-forma-nuestro-futuro-el-compromiso-de-dkv-por-un-manana-mas-sostenible\/#breadcrumb"},"inLanguage":"es","potentialAction":[{"@type":"ReadAction","target":["https:\/\/www.tecnodiamant.it\/es\/mi-clima-forma-nuestro-futuro-el-compromiso-de-dkv-por-un-manana-mas-sostenible\/"]}]},{"@type":"ImageObject","inLanguage":"es","@id":"https:\/\/www.tecnodiamant.it\/es\/mi-clima-forma-nuestro-futuro-el-compromiso-de-dkv-por-un-manana-mas-sostenible\/#primaryimage","url":"https:\/\/www.tecnodiamant.it\/wp-content\/uploads\/2025\/02\/Copertine-Press-Release.png","contentUrl":"https:\/\/www.tecnodiamant.it\/wp-content\/uploads\/2025\/02\/Copertine-Press-Release.png","width":1200,"height":600},{"@type":"BreadcrumbList","@id":"https:\/\/www.tecnodiamant.it\/es\/mi-clima-forma-nuestro-futuro-el-compromiso-de-dkv-por-un-manana-mas-sostenible\/#breadcrumb","itemListElement":[{"@type":"ListItem","position":1,"name":"Home","item":"https:\/\/www.tecnodiamant.it\/es\/home-2\/"},{"@type":"ListItem","position":2,"name":"Mi clima, forma nuestro futuro: el compromiso de DKV por un ma\u00f1ana m\u00e1s sostenible"}]},{"@type":"WebSite","@id":"https:\/\/www.tecnodiamant.it\/ru\/#website","url":"https:\/\/www.tecnodiamant.it\/ru\/","name":"Tecno Diamant","description":"Diamanti Industriali","publisher":{"@id":"https:\/\/www.tecnodiamant.it\/ru\/#organization"},"potentialAction":[{"@type":"SearchAction","target":{"@type":"EntryPoint","urlTemplate":"https:\/\/www.tecnodiamant.it\/ru\/?s={search_term_string}"},"query-input":{"@type":"PropertyValueSpecification","valueRequired":true,"valueName":"search_term_string"}}],"inLanguage":"es"},{"@type":"Organization","@id":"https:\/\/www.tecnodiamant.it\/ru\/#organization","name":"Tecno Diamant Srl","url":"https:\/\/www.tecnodiamant.it\/ru\/","logo":{"@type":"ImageObject","inLanguage":"es","@id":"https:\/\/www.tecnodiamant.it\/ru\/#\/schema\/logo\/image\/","url":"https:\/\/www.tecnodiamant.it\/wp-content\/uploads\/2022\/01\/Senza-titolo-2.jpg","contentUrl":"https:\/\/www.tecnodiamant.it\/wp-content\/uploads\/2022\/01\/Senza-titolo-2.jpg","width":1200,"height":1200,"caption":"Tecno Diamant Srl"},"image":{"@id":"https:\/\/www.tecnodiamant.it\/ru\/#\/schema\/logo\/image\/"},"sameAs":["https:\/\/www.facebook.com\/tecnodiamantsrl","https:\/\/www.instagram.com\/tecnodiamant\/","https:\/\/www.linkedin.com\/company\/tecnodiamant","https:\/\/www.youtube.com\/watch?v=h-91_36K27g"],"description":"Tecno Diamant \u2013 Diamanti Industriali \u00e8 un\u2019azienda leader nella produzione e distribuzione di utensili diamantati per gres porcellanato, monocottura, pietre naturali, marmi e graniti. Nata nel 1995 e con sede a Formigine, \u00e8 stata scelta da prestigiose realt\u00e0 ceramiche come partner nelle operazioni di Taglio, Rettifica, Levigatura, Bisellatura, Squadratura e Lappatura. Siamo specializzati nella produzione e vendita di utensili \u201csu misura\u201d, in grado di anticipare le esigenze di mercato e rispondere esattamente alla richiesta del Cliente, privilegiando l\u2019aspetto legato alla salute e al benessere nel rispetto dell\u2019ambiente e di tutta la societ\u00e0. Crediamo molto nella ricerca, nella tecnologia e nell\u2019innovazione che sono anche le caratteristiche che ci rappresentano.","email":"info@tecnodiamant.it","telephone":"059 215 4420","legalName":"Tecno Diamant Srl","vatID":"02301500365","taxID":"02301500365","numberOfEmployees":{"@type":"QuantitativeValue","minValue":"51","maxValue":"200"}},{"@type":"Person","@id":"https:\/\/www.tecnodiamant.it\/ru\/#\/schema\/person\/5865365cf9a3f122fa7ba48260a24572","name":"marketing","url":"https:\/\/www.tecnodiamant.it\/es\/author\/marketing\/"}]}},"_links":{"self":[{"href":"https:\/\/www.tecnodiamant.it\/es\/wp-json\/wp\/v2\/posts\/42662","targetHints":{"allow":["GET"]}}],"collection":[{"href":"https:\/\/www.tecnodiamant.it\/es\/wp-json\/wp\/v2\/posts"}],"about":[{"href":"https:\/\/www.tecnodiamant.it\/es\/wp-json\/wp\/v2\/types\/post"}],"author":[{"embeddable":true,"href":"https:\/\/www.tecnodiamant.it\/es\/wp-json\/wp\/v2\/users\/4"}],"replies":[{"embeddable":true,"href":"https:\/\/www.tecnodiamant.it\/es\/wp-json\/wp\/v2\/comments?post=42662"}],"version-history":[{"count":0,"href":"https:\/\/www.tecnodiamant.it\/es\/wp-json\/wp\/v2\/posts\/42662\/revisions"}],"wp:featuredmedia":[{"embeddable":true,"href":"https:\/\/www.tecnodiamant.it\/es\/wp-json\/wp\/v2\/media\/42644"}],"wp:attachment":[{"href":"https:\/\/www.tecnodiamant.it\/es\/wp-json\/wp\/v2\/media?parent=42662"}],"wp:term":[{"taxonomy":"category","embeddable":true,"href":"https:\/\/www.tecnodiamant.it\/es\/wp-json\/wp\/v2\/categories?post=42662"},{"taxonomy":"post_tag","embeddable":true,"href":"https:\/\/www.tecnodiamant.it\/es\/wp-json\/wp\/v2\/tags?post=42662"}],"curies":[{"name":"wp","href":"https:\/\/api.w.org\/{rel}","templated":true}]}}