{"id":35298,"date":"2023-09-01T09:52:23","date_gmt":"2023-09-01T07:52:23","guid":{"rendered":"https:\/\/www.tecnodiamant.it\/wystawa-expo-revestir-2023-w-brazylii-dobiegla-konca\/"},"modified":"2023-09-01T09:52:25","modified_gmt":"2023-09-01T07:52:25","slug":"wystawa-expo-revestir-2023-w-brazylii-dobiegla-konca","status":"publish","type":"post","link":"https:\/\/www.tecnodiamant.it\/pl\/wystawa-expo-revestir-2023-w-brazylii-dobiegla-konca\/","title":{"rendered":"Wystawa &#8222;Expo Revestir 2023&#8221; w Brazylii dobieg\u0142a ko\u0144ca"},"content":{"rendered":"<p>W dniach 14-17 marca w Brazylii odby\u0142y si\u0119 targi bran\u017cy ceramicznej &#8222;Expo Revestir 2023&#8221;, w kt\u00f3rych uczestniczyli\u015bmy wraz z naszym biurem. Dzi\u0119kujemy wszystkim pracownikom Tecno Diamant &#8211; Brazil za ich zaanga\u017cowanie w sukces targ\u00f3w: jeste\u015bmy dumni, \u017ce mamy was w naszym zespole!<\/p>\n<p>Poni\u017cej znajduj\u0105 si\u0119 zdj\u0119cia z wydarzenia:<\/p>\n<p><a href=\"https:\/\/www.tecnodiamant.it\/terminata-la-fiera-expo-revestir-2023-in-brasile\/attachment\/1678963807795\/\" rel=\"attachment wp-att-35120\"><img decoding=\"async\" class=\"alignnone size-medium wp-image-35120 lazyload\" data-src=\"https:\/\/www.tecnodiamant.it\/wp-content\/uploads\/2023\/08\/1678963807795-300x225.jpeg\" alt=\"\" width=\"300\" height=\"225\" src=\"data:image\/svg+xml;base64,PHN2ZyB3aWR0aD0iMSIgaGVpZ2h0PSIxIiB4bWxucz0iaHR0cDovL3d3dy53My5vcmcvMjAwMC9zdmciPjwvc3ZnPg==\" style=\"--smush-placeholder-width: 300px; --smush-placeholder-aspect-ratio: 300\/225;\"><\/a><a href=\"https:\/\/www.tecnodiamant.it\/terminata-la-fiera-expo-revestir-2023-in-brasile\/attachment\/1678963808974\/\" rel=\"attachment wp-att-35156\"><img decoding=\"async\" class=\"alignnone size-medium wp-image-35156 lazyload\" data-src=\"https:\/\/www.tecnodiamant.it\/wp-content\/uploads\/2023\/08\/1678963808974-300x225.jpeg\" alt=\"\" width=\"300\" height=\"225\" src=\"data:image\/svg+xml;base64,PHN2ZyB3aWR0aD0iMSIgaGVpZ2h0PSIxIiB4bWxucz0iaHR0cDovL3d3dy53My5vcmcvMjAwMC9zdmciPjwvc3ZnPg==\" style=\"--smush-placeholder-width: 300px; --smush-placeholder-aspect-ratio: 300\/225;\"><\/a> <a href=\"https:\/\/www.tecnodiamant.it\/terminata-la-fiera-expo-revestir-2023-in-brasile\/attachment\/1678963808700\/\" rel=\"attachment wp-att-35129\"><img decoding=\"async\" class=\"alignnone size-medium wp-image-35129 lazyload\" data-src=\"https:\/\/www.tecnodiamant.it\/wp-content\/uploads\/2023\/08\/1678963808700-300x225.jpeg\" alt=\"\" width=\"300\" height=\"225\" src=\"data:image\/svg+xml;base64,PHN2ZyB3aWR0aD0iMSIgaGVpZ2h0PSIxIiB4bWxucz0iaHR0cDovL3d3dy53My5vcmcvMjAwMC9zdmciPjwvc3ZnPg==\" style=\"--smush-placeholder-width: 300px; --smush-placeholder-aspect-ratio: 300\/225;\"><\/a> <a href=\"https:\/\/www.tecnodiamant.it\/terminata-la-fiera-expo-revestir-2023-in-brasile\/attachment\/1678963808741\/\" rel=\"attachment wp-att-35138\"><img decoding=\"async\" class=\"alignnone size-medium wp-image-35138 lazyload\" data-src=\"https:\/\/www.tecnodiamant.it\/wp-content\/uploads\/2023\/08\/1678963808741-300x225.jpeg\" alt=\"\" width=\"300\" height=\"225\" src=\"data:image\/svg+xml;base64,PHN2ZyB3aWR0aD0iMSIgaGVpZ2h0PSIxIiB4bWxucz0iaHR0cDovL3d3dy53My5vcmcvMjAwMC9zdmciPjwvc3ZnPg==\" style=\"--smush-placeholder-width: 300px; --smush-placeholder-aspect-ratio: 300\/225;\"><\/a> <a href=\"https:\/\/www.tecnodiamant.it\/terminata-la-fiera-expo-revestir-2023-in-brasile\/attachment\/1678963808798\/\" rel=\"attachment wp-att-35147\"><img decoding=\"async\" class=\"alignnone size-medium wp-image-35147 lazyload\" data-src=\"https:\/\/www.tecnodiamant.it\/wp-content\/uploads\/2023\/08\/1678963808798-300x225.jpeg\" alt=\"\" width=\"300\" height=\"225\" src=\"data:image\/svg+xml;base64,PHN2ZyB3aWR0aD0iMSIgaGVpZ2h0PSIxIiB4bWxucz0iaHR0cDovL3d3dy53My5vcmcvMjAwMC9zdmciPjwvc3ZnPg==\" style=\"--smush-placeholder-width: 300px; --smush-placeholder-aspect-ratio: 300\/225;\"><\/a><\/p>\n","protected":false},"excerpt":{"rendered":"<p>W dniach 14-17 marca w Brazylii odby\u0142y si\u0119 targi bran\u017cy ceramicznej &#8222;Expo Revestir 2023&#8221;, w kt\u00f3rych uczestniczyli\u015bmy wraz z naszym biurem. Dzi\u0119kujemy wszystkim pracownikom Tecno Diamant &#8211; Brazil za ich zaanga\u017cowanie w sukces targ\u00f3w: jeste\u015bmy dumni, \u017ce mamy was w naszym zespole! Poni\u017cej znajduj\u0105 si\u0119 zdj\u0119cia z wydarzenia:<\/p>\n","protected":false},"author":4,"featured_media":35160,"comment_status":"closed","ping_status":"closed","sticky":false,"template":"","format":"standard","meta":{"footnotes":""},"categories":[110],"tags":[],"class_list":["post-35298","post","type-post","status-publish","format-standard","has-post-thumbnail","hentry","category-wystawy"],"yoast_head":"<!-- This site is optimized with the Yoast SEO Premium plugin v27.3 (Yoast SEO v27.5) - https:\/\/yoast.com\/product\/yoast-seo-premium-wordpress\/ -->\n<title>Wystawa &quot;Expo Revestir 2023&quot; w Brazylii dobieg\u0142a ko\u0144ca - Tecno Diamant<\/title>\n<meta name=\"description\" content=\"Tecno Diamant da oltre 30 anni \u00e8 un\u2019azienda specializzata\" \/>\n<meta name=\"robots\" content=\"index, follow, max-snippet:-1, max-image-preview:large, max-video-preview:-1\" \/>\n<link rel=\"canonical\" href=\"https:\/\/www.tecnodiamant.it\/pl\/wystawa-expo-revestir-2023-w-brazylii-dobiegla-konca\/\" \/>\n<meta property=\"og:locale\" content=\"pl_PL\" \/>\n<meta property=\"og:type\" content=\"article\" \/>\n<meta property=\"og:title\" content=\"Wystawa &quot;Expo Revestir 2023&quot; w Brazylii dobieg\u0142a ko\u0144ca\" \/>\n<meta property=\"og:description\" content=\"Tecno Diamant da oltre 30 anni \u00e8 un\u2019azienda specializzata\" \/>\n<meta property=\"og:url\" content=\"https:\/\/www.tecnodiamant.it\/pl\/wystawa-expo-revestir-2023-w-brazylii-dobiegla-konca\/\" \/>\n<meta property=\"og:site_name\" content=\"Tecno Diamant\" \/>\n<meta property=\"article:publisher\" content=\"https:\/\/www.facebook.com\/tecnodiamantsrl\" \/>\n<meta property=\"article:published_time\" content=\"2023-09-01T07:52:23+00:00\" \/>\n<meta property=\"article:modified_time\" content=\"2023-09-01T07:52:25+00:00\" \/>\n<meta property=\"og:image\" content=\"https:\/\/www.tecnodiamant.it\/wp-content\/uploads\/2023\/08\/1678963808974.jpeg\" \/>\n\t<meta property=\"og:image:width\" content=\"1024\" \/>\n\t<meta property=\"og:image:height\" content=\"768\" \/>\n\t<meta property=\"og:image:type\" content=\"image\/jpeg\" \/>\n<meta name=\"author\" content=\"marketing\" \/>\n<meta name=\"twitter:card\" content=\"summary_large_image\" \/>\n<script type=\"application\/ld+json\" class=\"yoast-schema-graph\">{\"@context\":\"https:\\\/\\\/schema.org\",\"@graph\":[{\"@type\":\"Article\",\"@id\":\"https:\\\/\\\/www.tecnodiamant.it\\\/pl\\\/wystawa-expo-revestir-2023-w-brazylii-dobiegla-konca\\\/#article\",\"isPartOf\":{\"@id\":\"https:\\\/\\\/www.tecnodiamant.it\\\/pl\\\/wystawa-expo-revestir-2023-w-brazylii-dobiegla-konca\\\/\"},\"author\":{\"name\":\"marketing\",\"@id\":\"https:\\\/\\\/www.tecnodiamant.it\\\/ru\\\/#\\\/schema\\\/person\\\/5865365cf9a3f122fa7ba48260a24572\"},\"headline\":\"Wystawa &#8222;Expo Revestir 2023&#8221; w Brazylii dobieg\u0142a ko\u0144ca\",\"datePublished\":\"2023-09-01T07:52:23+00:00\",\"dateModified\":\"2023-09-01T07:52:25+00:00\",\"mainEntityOfPage\":{\"@id\":\"https:\\\/\\\/www.tecnodiamant.it\\\/pl\\\/wystawa-expo-revestir-2023-w-brazylii-dobiegla-konca\\\/\"},\"wordCount\":66,\"publisher\":{\"@id\":\"https:\\\/\\\/www.tecnodiamant.it\\\/ru\\\/#organization\"},\"image\":{\"@id\":\"https:\\\/\\\/www.tecnodiamant.it\\\/pl\\\/wystawa-expo-revestir-2023-w-brazylii-dobiegla-konca\\\/#primaryimage\"},\"thumbnailUrl\":\"https:\\\/\\\/www.tecnodiamant.it\\\/wp-content\\\/uploads\\\/2023\\\/08\\\/1678963808974.jpeg\",\"articleSection\":[\"wystawy\"],\"inLanguage\":\"pl-PL\"},{\"@type\":\"WebPage\",\"@id\":\"https:\\\/\\\/www.tecnodiamant.it\\\/pl\\\/wystawa-expo-revestir-2023-w-brazylii-dobiegla-konca\\\/\",\"url\":\"https:\\\/\\\/www.tecnodiamant.it\\\/pl\\\/wystawa-expo-revestir-2023-w-brazylii-dobiegla-konca\\\/\",\"name\":\"Wystawa \\\"Expo Revestir 2023\\\" w Brazylii dobieg\u0142a ko\u0144ca - Tecno Diamant\",\"isPartOf\":{\"@id\":\"https:\\\/\\\/www.tecnodiamant.it\\\/ru\\\/#website\"},\"primaryImageOfPage\":{\"@id\":\"https:\\\/\\\/www.tecnodiamant.it\\\/pl\\\/wystawa-expo-revestir-2023-w-brazylii-dobiegla-konca\\\/#primaryimage\"},\"image\":{\"@id\":\"https:\\\/\\\/www.tecnodiamant.it\\\/pl\\\/wystawa-expo-revestir-2023-w-brazylii-dobiegla-konca\\\/#primaryimage\"},\"thumbnailUrl\":\"https:\\\/\\\/www.tecnodiamant.it\\\/wp-content\\\/uploads\\\/2023\\\/08\\\/1678963808974.jpeg\",\"datePublished\":\"2023-09-01T07:52:23+00:00\",\"dateModified\":\"2023-09-01T07:52:25+00:00\",\"description\":\"Tecno Diamant da oltre 30 anni \u00e8 un\u2019azienda specializzata\",\"breadcrumb\":{\"@id\":\"https:\\\/\\\/www.tecnodiamant.it\\\/pl\\\/wystawa-expo-revestir-2023-w-brazylii-dobiegla-konca\\\/#breadcrumb\"},\"inLanguage\":\"pl-PL\",\"potentialAction\":[{\"@type\":\"ReadAction\",\"target\":[\"https:\\\/\\\/www.tecnodiamant.it\\\/pl\\\/wystawa-expo-revestir-2023-w-brazylii-dobiegla-konca\\\/\"]}]},{\"@type\":\"ImageObject\",\"inLanguage\":\"pl-PL\",\"@id\":\"https:\\\/\\\/www.tecnodiamant.it\\\/pl\\\/wystawa-expo-revestir-2023-w-brazylii-dobiegla-konca\\\/#primaryimage\",\"url\":\"https:\\\/\\\/www.tecnodiamant.it\\\/wp-content\\\/uploads\\\/2023\\\/08\\\/1678963808974.jpeg\",\"contentUrl\":\"https:\\\/\\\/www.tecnodiamant.it\\\/wp-content\\\/uploads\\\/2023\\\/08\\\/1678963808974.jpeg\",\"width\":1024,\"height\":768},{\"@type\":\"BreadcrumbList\",\"@id\":\"https:\\\/\\\/www.tecnodiamant.it\\\/pl\\\/wystawa-expo-revestir-2023-w-brazylii-dobiegla-konca\\\/#breadcrumb\",\"itemListElement\":[{\"@type\":\"ListItem\",\"position\":1,\"name\":\"Home\",\"item\":\"https:\\\/\\\/www.tecnodiamant.it\\\/pl\\\/home-2\\\/\"},{\"@type\":\"ListItem\",\"position\":2,\"name\":\"Wystawa &#8222;Expo Revestir 2023&#8221; w Brazylii dobieg\u0142a ko\u0144ca\"}]},{\"@type\":\"WebSite\",\"@id\":\"https:\\\/\\\/www.tecnodiamant.it\\\/ru\\\/#website\",\"url\":\"https:\\\/\\\/www.tecnodiamant.it\\\/ru\\\/\",\"name\":\"Tecno Diamant\",\"description\":\"Diamanti Industriali\",\"publisher\":{\"@id\":\"https:\\\/\\\/www.tecnodiamant.it\\\/ru\\\/#organization\"},\"potentialAction\":[{\"@type\":\"SearchAction\",\"target\":{\"@type\":\"EntryPoint\",\"urlTemplate\":\"https:\\\/\\\/www.tecnodiamant.it\\\/ru\\\/?s={search_term_string}\"},\"query-input\":{\"@type\":\"PropertyValueSpecification\",\"valueRequired\":true,\"valueName\":\"search_term_string\"}}],\"inLanguage\":\"pl-PL\"},{\"@type\":\"Organization\",\"@id\":\"https:\\\/\\\/www.tecnodiamant.it\\\/ru\\\/#organization\",\"name\":\"Tecno Diamant Srl\",\"url\":\"https:\\\/\\\/www.tecnodiamant.it\\\/ru\\\/\",\"logo\":{\"@type\":\"ImageObject\",\"inLanguage\":\"pl-PL\",\"@id\":\"https:\\\/\\\/www.tecnodiamant.it\\\/ru\\\/#\\\/schema\\\/logo\\\/image\\\/\",\"url\":\"https:\\\/\\\/www.tecnodiamant.it\\\/wp-content\\\/uploads\\\/2022\\\/01\\\/Senza-titolo-2.jpg\",\"contentUrl\":\"https:\\\/\\\/www.tecnodiamant.it\\\/wp-content\\\/uploads\\\/2022\\\/01\\\/Senza-titolo-2.jpg\",\"width\":1200,\"height\":1200,\"caption\":\"Tecno Diamant Srl\"},\"image\":{\"@id\":\"https:\\\/\\\/www.tecnodiamant.it\\\/ru\\\/#\\\/schema\\\/logo\\\/image\\\/\"},\"sameAs\":[\"https:\\\/\\\/www.facebook.com\\\/tecnodiamantsrl\",\"https:\\\/\\\/www.instagram.com\\\/tecnodiamant\\\/\",\"https:\\\/\\\/www.linkedin.com\\\/company\\\/tecnodiamant\",\"https:\\\/\\\/www.youtube.com\\\/watch?v=h-91_36K27g\"],\"description\":\"Tecno Diamant \u2013 Diamanti Industriali \u00e8 un\u2019azienda leader nella produzione e distribuzione di utensili diamantati per gres porcellanato, monocottura, pietre naturali, marmi e graniti. Nata nel 1995 e con sede a Formigine, \u00e8 stata scelta da prestigiose realt\u00e0 ceramiche come partner nelle operazioni di Taglio, Rettifica, Levigatura, Bisellatura, Squadratura e Lappatura. Siamo specializzati nella produzione e vendita di utensili \u201csu misura\u201d, in grado di anticipare le esigenze di mercato e rispondere esattamente alla richiesta del Cliente, privilegiando l\u2019aspetto legato alla salute e al benessere nel rispetto dell\u2019ambiente e di tutta la societ\u00e0. Crediamo molto nella ricerca, nella tecnologia e nell\u2019innovazione che sono anche le caratteristiche che ci rappresentano.\",\"email\":\"info@tecnodiamant.it\",\"telephone\":\"059 215 4420\",\"legalName\":\"Tecno Diamant Srl\",\"vatID\":\"02301500365\",\"taxID\":\"02301500365\",\"numberOfEmployees\":{\"@type\":\"QuantitativeValue\",\"minValue\":\"51\",\"maxValue\":\"200\"}},{\"@type\":\"Person\",\"@id\":\"https:\\\/\\\/www.tecnodiamant.it\\\/ru\\\/#\\\/schema\\\/person\\\/5865365cf9a3f122fa7ba48260a24572\",\"name\":\"marketing\",\"url\":\"https:\\\/\\\/www.tecnodiamant.it\\\/pl\\\/author\\\/marketing\\\/\"}]}<\/script>\n<!-- \/ Yoast SEO Premium plugin. -->","yoast_head_json":{"title":"Wystawa \"Expo Revestir 2023\" w Brazylii dobieg\u0142a ko\u0144ca - Tecno Diamant","description":"Tecno Diamant da oltre 30 anni \u00e8 un\u2019azienda specializzata","robots":{"index":"index","follow":"follow","max-snippet":"max-snippet:-1","max-image-preview":"max-image-preview:large","max-video-preview":"max-video-preview:-1"},"canonical":"https:\/\/www.tecnodiamant.it\/pl\/wystawa-expo-revestir-2023-w-brazylii-dobiegla-konca\/","og_locale":"pl_PL","og_type":"article","og_title":"Wystawa \"Expo Revestir 2023\" w Brazylii dobieg\u0142a ko\u0144ca","og_description":"Tecno Diamant da oltre 30 anni \u00e8 un\u2019azienda specializzata","og_url":"https:\/\/www.tecnodiamant.it\/pl\/wystawa-expo-revestir-2023-w-brazylii-dobiegla-konca\/","og_site_name":"Tecno Diamant","article_publisher":"https:\/\/www.facebook.com\/tecnodiamantsrl","article_published_time":"2023-09-01T07:52:23+00:00","article_modified_time":"2023-09-01T07:52:25+00:00","og_image":[{"width":1024,"height":768,"url":"https:\/\/www.tecnodiamant.it\/wp-content\/uploads\/2023\/08\/1678963808974.jpeg","type":"image\/jpeg"}],"author":"marketing","twitter_card":"summary_large_image","schema":{"@context":"https:\/\/schema.org","@graph":[{"@type":"Article","@id":"https:\/\/www.tecnodiamant.it\/pl\/wystawa-expo-revestir-2023-w-brazylii-dobiegla-konca\/#article","isPartOf":{"@id":"https:\/\/www.tecnodiamant.it\/pl\/wystawa-expo-revestir-2023-w-brazylii-dobiegla-konca\/"},"author":{"name":"marketing","@id":"https:\/\/www.tecnodiamant.it\/ru\/#\/schema\/person\/5865365cf9a3f122fa7ba48260a24572"},"headline":"Wystawa &#8222;Expo Revestir 2023&#8221; w Brazylii dobieg\u0142a ko\u0144ca","datePublished":"2023-09-01T07:52:23+00:00","dateModified":"2023-09-01T07:52:25+00:00","mainEntityOfPage":{"@id":"https:\/\/www.tecnodiamant.it\/pl\/wystawa-expo-revestir-2023-w-brazylii-dobiegla-konca\/"},"wordCount":66,"publisher":{"@id":"https:\/\/www.tecnodiamant.it\/ru\/#organization"},"image":{"@id":"https:\/\/www.tecnodiamant.it\/pl\/wystawa-expo-revestir-2023-w-brazylii-dobiegla-konca\/#primaryimage"},"thumbnailUrl":"https:\/\/www.tecnodiamant.it\/wp-content\/uploads\/2023\/08\/1678963808974.jpeg","articleSection":["wystawy"],"inLanguage":"pl-PL"},{"@type":"WebPage","@id":"https:\/\/www.tecnodiamant.it\/pl\/wystawa-expo-revestir-2023-w-brazylii-dobiegla-konca\/","url":"https:\/\/www.tecnodiamant.it\/pl\/wystawa-expo-revestir-2023-w-brazylii-dobiegla-konca\/","name":"Wystawa \"Expo Revestir 2023\" w Brazylii dobieg\u0142a ko\u0144ca - Tecno Diamant","isPartOf":{"@id":"https:\/\/www.tecnodiamant.it\/ru\/#website"},"primaryImageOfPage":{"@id":"https:\/\/www.tecnodiamant.it\/pl\/wystawa-expo-revestir-2023-w-brazylii-dobiegla-konca\/#primaryimage"},"image":{"@id":"https:\/\/www.tecnodiamant.it\/pl\/wystawa-expo-revestir-2023-w-brazylii-dobiegla-konca\/#primaryimage"},"thumbnailUrl":"https:\/\/www.tecnodiamant.it\/wp-content\/uploads\/2023\/08\/1678963808974.jpeg","datePublished":"2023-09-01T07:52:23+00:00","dateModified":"2023-09-01T07:52:25+00:00","description":"Tecno Diamant da oltre 30 anni \u00e8 un\u2019azienda specializzata","breadcrumb":{"@id":"https:\/\/www.tecnodiamant.it\/pl\/wystawa-expo-revestir-2023-w-brazylii-dobiegla-konca\/#breadcrumb"},"inLanguage":"pl-PL","potentialAction":[{"@type":"ReadAction","target":["https:\/\/www.tecnodiamant.it\/pl\/wystawa-expo-revestir-2023-w-brazylii-dobiegla-konca\/"]}]},{"@type":"ImageObject","inLanguage":"pl-PL","@id":"https:\/\/www.tecnodiamant.it\/pl\/wystawa-expo-revestir-2023-w-brazylii-dobiegla-konca\/#primaryimage","url":"https:\/\/www.tecnodiamant.it\/wp-content\/uploads\/2023\/08\/1678963808974.jpeg","contentUrl":"https:\/\/www.tecnodiamant.it\/wp-content\/uploads\/2023\/08\/1678963808974.jpeg","width":1024,"height":768},{"@type":"BreadcrumbList","@id":"https:\/\/www.tecnodiamant.it\/pl\/wystawa-expo-revestir-2023-w-brazylii-dobiegla-konca\/#breadcrumb","itemListElement":[{"@type":"ListItem","position":1,"name":"Home","item":"https:\/\/www.tecnodiamant.it\/pl\/home-2\/"},{"@type":"ListItem","position":2,"name":"Wystawa &#8222;Expo Revestir 2023&#8221; w Brazylii dobieg\u0142a ko\u0144ca"}]},{"@type":"WebSite","@id":"https:\/\/www.tecnodiamant.it\/ru\/#website","url":"https:\/\/www.tecnodiamant.it\/ru\/","name":"Tecno Diamant","description":"Diamanti Industriali","publisher":{"@id":"https:\/\/www.tecnodiamant.it\/ru\/#organization"},"potentialAction":[{"@type":"SearchAction","target":{"@type":"EntryPoint","urlTemplate":"https:\/\/www.tecnodiamant.it\/ru\/?s={search_term_string}"},"query-input":{"@type":"PropertyValueSpecification","valueRequired":true,"valueName":"search_term_string"}}],"inLanguage":"pl-PL"},{"@type":"Organization","@id":"https:\/\/www.tecnodiamant.it\/ru\/#organization","name":"Tecno Diamant Srl","url":"https:\/\/www.tecnodiamant.it\/ru\/","logo":{"@type":"ImageObject","inLanguage":"pl-PL","@id":"https:\/\/www.tecnodiamant.it\/ru\/#\/schema\/logo\/image\/","url":"https:\/\/www.tecnodiamant.it\/wp-content\/uploads\/2022\/01\/Senza-titolo-2.jpg","contentUrl":"https:\/\/www.tecnodiamant.it\/wp-content\/uploads\/2022\/01\/Senza-titolo-2.jpg","width":1200,"height":1200,"caption":"Tecno Diamant Srl"},"image":{"@id":"https:\/\/www.tecnodiamant.it\/ru\/#\/schema\/logo\/image\/"},"sameAs":["https:\/\/www.facebook.com\/tecnodiamantsrl","https:\/\/www.instagram.com\/tecnodiamant\/","https:\/\/www.linkedin.com\/company\/tecnodiamant","https:\/\/www.youtube.com\/watch?v=h-91_36K27g"],"description":"Tecno Diamant \u2013 Diamanti Industriali \u00e8 un\u2019azienda leader nella produzione e distribuzione di utensili diamantati per gres porcellanato, monocottura, pietre naturali, marmi e graniti. Nata nel 1995 e con sede a Formigine, \u00e8 stata scelta da prestigiose realt\u00e0 ceramiche come partner nelle operazioni di Taglio, Rettifica, Levigatura, Bisellatura, Squadratura e Lappatura. Siamo specializzati nella produzione e vendita di utensili \u201csu misura\u201d, in grado di anticipare le esigenze di mercato e rispondere esattamente alla richiesta del Cliente, privilegiando l\u2019aspetto legato alla salute e al benessere nel rispetto dell\u2019ambiente e di tutta la societ\u00e0. Crediamo molto nella ricerca, nella tecnologia e nell\u2019innovazione che sono anche le caratteristiche che ci rappresentano.","email":"info@tecnodiamant.it","telephone":"059 215 4420","legalName":"Tecno Diamant Srl","vatID":"02301500365","taxID":"02301500365","numberOfEmployees":{"@type":"QuantitativeValue","minValue":"51","maxValue":"200"}},{"@type":"Person","@id":"https:\/\/www.tecnodiamant.it\/ru\/#\/schema\/person\/5865365cf9a3f122fa7ba48260a24572","name":"marketing","url":"https:\/\/www.tecnodiamant.it\/pl\/author\/marketing\/"}]}},"_links":{"self":[{"href":"https:\/\/www.tecnodiamant.it\/pl\/wp-json\/wp\/v2\/posts\/35298","targetHints":{"allow":["GET"]}}],"collection":[{"href":"https:\/\/www.tecnodiamant.it\/pl\/wp-json\/wp\/v2\/posts"}],"about":[{"href":"https:\/\/www.tecnodiamant.it\/pl\/wp-json\/wp\/v2\/types\/post"}],"author":[{"embeddable":true,"href":"https:\/\/www.tecnodiamant.it\/pl\/wp-json\/wp\/v2\/users\/4"}],"replies":[{"embeddable":true,"href":"https:\/\/www.tecnodiamant.it\/pl\/wp-json\/wp\/v2\/comments?post=35298"}],"version-history":[{"count":1,"href":"https:\/\/www.tecnodiamant.it\/pl\/wp-json\/wp\/v2\/posts\/35298\/revisions"}],"predecessor-version":[{"id":35299,"href":"https:\/\/www.tecnodiamant.it\/pl\/wp-json\/wp\/v2\/posts\/35298\/revisions\/35299"}],"wp:featuredmedia":[{"embeddable":true,"href":"https:\/\/www.tecnodiamant.it\/pl\/wp-json\/wp\/v2\/media\/35160"}],"wp:attachment":[{"href":"https:\/\/www.tecnodiamant.it\/pl\/wp-json\/wp\/v2\/media?parent=35298"}],"wp:term":[{"taxonomy":"category","embeddable":true,"href":"https:\/\/www.tecnodiamant.it\/pl\/wp-json\/wp\/v2\/categories?post=35298"},{"taxonomy":"post_tag","embeddable":true,"href":"https:\/\/www.tecnodiamant.it\/pl\/wp-json\/wp\/v2\/tags?post=35298"}],"curies":[{"name":"wp","href":"https:\/\/api.w.org\/{rel}","templated":true}]}}