{"id":32801,"date":"2023-02-02T14:59:00","date_gmt":"2023-02-02T13:59:00","guid":{"rendered":"https:\/\/www.tecnodiamant.it\/tecno-diamant-elmas-aletlerinin-yenilikciligini-expo-revestir-2023e-tasiyor\/"},"modified":"2023-02-02T14:59:01","modified_gmt":"2023-02-02T13:59:01","slug":"tecno-diamant-elmas-aletlerinin-yenilikciligini-expo-revestir-2023e-tasiyor","status":"publish","type":"post","link":"https:\/\/www.tecnodiamant.it\/tr\/tecno-diamant-elmas-aletlerinin-yenilikciligini-expo-revestir-2023e-tasiyor\/","title":{"rendered":"Tecno Diamant, elmas aletlerinin yenilik\u00e7ili\u011fini Expo Revestir 2023&#8217;e ta\u015f\u0131yor"},"content":{"rendered":"<p style=\"font-weight: 400;\"><strong>Tecno Diamant yenilik getiriyor <\/strong><strong>Expo Revestir 2023&#8217;te elmas aletlerini tan\u0131tt\u0131<\/strong><\/p>\n<p style=\"font-weight: 400;\"><em>Formigine merkezli \u015firket ba\u015frol oyuncular\u0131ndan biri olmaya haz\u0131r <\/em><em>b\u00fcy\u00fck G\u00fcney Amerika olay\u0131n\u0131n<\/em><\/p>\n<p style=\"font-weight: 400;\">Bu  <strong>Brezilya<\/strong>  bir kez daha ev sahipli\u011fi yapmaya haz\u0131r  <strong>2023&#8217;te seramik d\u00fcnyas\u0131 i\u00e7in en \u00f6nemli ticaret fuarlar\u0131ndan biri olacak.  <\/strong><strong>14 &#8211; 17 Mart 2023,  <\/strong>asl\u0131nda, i\u00e7inde  <strong>S\u00e3o Paulo&#8217;daki Transam\u00e9rica Fuar Merkezi<\/strong>  geri  <strong>Expo Revestir<\/strong>Latin Amerika&#8217;n\u0131n y\u00fczeyler ve biti\u015flere adanm\u0131\u015f en b\u00fcy\u00fck etkinli\u011fi.<\/p>\n<p style=\"font-weight: 400;\"><strong>Tecno Diamant<\/strong>, seramik ve ta\u015f i\u015flemeye y\u00f6nelik elmas aletler alan\u0131nda lider bir \u015firkettir,  <strong>Fuara<\/strong> <strong>kendi \u00f6zel<\/strong> stand\u0131 ile <strong>kat\u0131lacak<\/strong> &#8211; <strong>Salon 1, Stand B120 &#8211; <\/strong>ve \u00fcr\u00fcn yelpazesindeki en \u00e7ekici \u00e7\u00f6z\u00fcmlerden birini <strong>sergileyecek<\/strong>: <strong>porselen ta\u015f e\u015fy<\/strong>alar\u0131n <strong>s\u0131rlanmas\u0131na y\u00f6nelik f\u0131r\u00e7alar<\/strong>. Porselen seramik, yumu\u015fat\u0131lm\u0131\u015f yans\u0131malarla ipeksi bir g\u00f6r\u00fcn\u00fcm elde etmek i\u00e7in f\u0131r\u00e7alama i\u015flemi gerektirir. A\u015f\u0131nma, \u00e7izilme ve kimyasallara kar\u015f\u0131 m\u00fckemmel diren\u00e7, iyi kavrama ve d\u00fc\u015f\u00fck su emilimini garanti eden prestijli bir i\u015f\u00e7ilik, karolar\u0131 y\u00fcksek nemli alanlarda bile ideal hale getirir.<\/p>\n<p style=\"font-weight: 400;\">Tecno Diamant, zaman\u0131n\u0131n \u00f6tesinde ve h\u0131zla b\u00fcy\u00fcyen pazar talebini kar\u015f\u0131lamak amac\u0131yla Brezilya&#8217;daki <strong>Tecno Di<\/strong>amant <strong>do Brasil<\/strong> fabrikas\u0131nda 2012 y\u0131l\u0131n\u0131n ba\u015flar\u0131nda saten finisaj i\u00e7in f\u0131r\u00e7a \u00fcretimine ba\u015flad\u0131. Burada, on y\u0131ll\u0131k i\u015f hayat\u0131nda, \u00fcretim teknolojisini uygulayabildi ve yerinde \u015fubesi sayesinde zaman\u0131nda ve ki\u015fiselle\u015ftirilmi\u015f hizmetle tamamlanan, giderek daha rekabet\u00e7i bir \u00fcr\u00fcn yelpazesi sunabildi.<\/p>\n<p style=\"font-weight: 400;\">Uluslararas\u0131la\u015fma politikas\u0131, asl\u0131nda Tecno Diamant&#8217;\u0131n misyonunu tan\u0131mlamaktad\u0131r. 1995&#8217;ten g\u00fcn\u00fcm\u00fcze, <strong>\u0130spanya, Polonya, T\u00fcrkiye, Rusya, \u00c7in ve &#8211; tam olarak &#8211; Brezilya<\/strong> gibi stratejik \u00fclkelerdeki yeni \u015fubeler sayesinde de liderli\u011fini geni\u015fletmeye ve tan\u0131mlamaya devam etmi\u015ftir.<\/p>\n<p style=\"font-weight: 400;\">D\u00fcnya \u00e7ap\u0131nda Made in Italy k\u00fclt\u00fcr\u00fcn\u00fc ve yeni &#8216;Tecno Diamant Lab&#8217; b\u00fcnyesinde y\u00fcr\u00fct\u00fclen avangart \u00e7al\u0131\u015fmalar\u0131 besleyen ba\u015far\u0131l\u0131 bir strateji olan  <strong>ara\u015ftirma ve geli\u0307\u015fti\u0307rme merkezi\u0307<\/strong>  Spezzano di Fiorano&#8217;da (Modena) 1800 metrekarelik bir alan yak\u0131n zamanda yenilenmi\u015ftir.  <strong>teknolojik yeniliklerin yuvas\u0131<\/strong>  seramik d\u00fcnyas\u0131 i\u00e7in.<\/p>\n<p><a href=\"\/?p=32780\" rel=\"attachment wp-att-32780\"><img decoding=\"async\" class=\"alignnone size-medium wp-image-32780 lazyload\" data-src=\"https:\/\/www.tecnodiamant.it\/wp-content\/uploads\/2023\/02\/tecnodiamant-brasile-2-gen23-300x150.jpg\" alt=\"\" width=\"300\" height=\"150\" src=\"data:image\/svg+xml;base64,PHN2ZyB3aWR0aD0iMSIgaGVpZ2h0PSIxIiB4bWxucz0iaHR0cDovL3d3dy53My5vcmcvMjAwMC9zdmciPjwvc3ZnPg==\" style=\"--smush-placeholder-width: 300px; --smush-placeholder-aspect-ratio: 300\/150;\"><\/a> <a href=\"\/?p=32789\" rel=\"attachment wp-att-32789\"><img decoding=\"async\" class=\"alignnone size-medium wp-image-32789 lazyload\" data-src=\"https:\/\/www.tecnodiamant.it\/wp-content\/uploads\/2023\/02\/tecnodiamant-brasile-1-gen23-300x150.jpg\" alt=\"\" width=\"300\" height=\"150\" src=\"data:image\/svg+xml;base64,PHN2ZyB3aWR0aD0iMSIgaGVpZ2h0PSIxIiB4bWxucz0iaHR0cDovL3d3dy53My5vcmcvMjAwMC9zdmciPjwvc3ZnPg==\" style=\"--smush-placeholder-width: 300px; --smush-placeholder-aspect-ratio: 300\/150;\"><\/a><\/p>\n","protected":false},"excerpt":{"rendered":"<p>Tecno Diamant yenilik getiriyor Expo Revestir 2023&#8217;te elmas aletlerini tan\u0131tt\u0131 Formigine merkezli \u015firket ba\u015frol oyuncular\u0131ndan biri olmaya haz\u0131r b\u00fcy\u00fck G\u00fcney Amerika olay\u0131n\u0131n Bu Brezilya bir kez daha ev sahipli\u011fi yapmaya haz\u0131r 2023&#8217;te seramik d\u00fcnyas\u0131 i\u00e7in en \u00f6nemli ticaret fuarlar\u0131ndan biri olacak. 14 &#8211; 17 Mart 2023, asl\u0131nda, i\u00e7inde S\u00e3o Paulo&#8217;daki Transam\u00e9rica Fuar Merkezi geri Expo [&hellip;]<\/p>\n","protected":false},"author":4,"featured_media":32788,"comment_status":"closed","ping_status":"closed","sticky":false,"template":"","format":"standard","meta":{"footnotes":""},"categories":[287,286],"tags":[],"class_list":["post-32801","post","type-post","status-publish","format-standard","has-post-thumbnail","hentry","category-etkinlikler","category-haberler"],"yoast_head":"<!-- This site is optimized with the Yoast SEO Premium plugin v27.3 (Yoast SEO v27.5) - https:\/\/yoast.com\/product\/yoast-seo-premium-wordpress\/ -->\n<title>Tecno Diamant, elmas aletlerinin yenilik\u00e7ili\u011fini Expo Revestir 2023&#039;e ta\u015f\u0131yor - Tecno Diamant<\/title>\n<meta name=\"description\" content=\"Tecno Diamant da oltre 30 anni \u00e8 un\u2019azienda specializzata\" \/>\n<meta name=\"robots\" content=\"index, follow, max-snippet:-1, max-image-preview:large, max-video-preview:-1\" \/>\n<link rel=\"canonical\" href=\"https:\/\/www.tecnodiamant.it\/tr\/tecno-diamant-elmas-aletlerinin-yenilikciligini-expo-revestir-2023e-tasiyor\/\" \/>\n<meta property=\"og:locale\" content=\"tr_TR\" \/>\n<meta property=\"og:type\" content=\"article\" \/>\n<meta property=\"og:title\" content=\"Tecno Diamant, elmas aletlerinin yenilik\u00e7ili\u011fini Expo Revestir 2023&#039;e ta\u015f\u0131yor\" \/>\n<meta property=\"og:description\" content=\"Tecno Diamant da oltre 30 anni \u00e8 un\u2019azienda specializzata\" \/>\n<meta property=\"og:url\" content=\"https:\/\/www.tecnodiamant.it\/tr\/tecno-diamant-elmas-aletlerinin-yenilikciligini-expo-revestir-2023e-tasiyor\/\" \/>\n<meta property=\"og:site_name\" content=\"Tecno Diamant\" \/>\n<meta property=\"article:publisher\" content=\"https:\/\/www.facebook.com\/tecnodiamantsrl\" \/>\n<meta property=\"article:published_time\" content=\"2023-02-02T13:59:00+00:00\" \/>\n<meta property=\"article:modified_time\" content=\"2023-02-02T13:59:01+00:00\" \/>\n<meta property=\"og:image\" content=\"https:\/\/www.tecnodiamant.it\/wp-content\/uploads\/2023\/02\/tecnodiamant-brasile-2-gen23.jpg\" \/>\n\t<meta property=\"og:image:width\" content=\"770\" \/>\n\t<meta property=\"og:image:height\" content=\"385\" \/>\n\t<meta property=\"og:image:type\" content=\"image\/jpeg\" \/>\n<meta name=\"author\" content=\"marketing\" \/>\n<meta name=\"twitter:card\" content=\"summary_large_image\" \/>\n<script type=\"application\/ld+json\" class=\"yoast-schema-graph\">{\"@context\":\"https:\\\/\\\/schema.org\",\"@graph\":[{\"@type\":\"Article\",\"@id\":\"https:\\\/\\\/www.tecnodiamant.it\\\/tr\\\/tecno-diamant-elmas-aletlerinin-yenilikciligini-expo-revestir-2023e-tasiyor\\\/#article\",\"isPartOf\":{\"@id\":\"https:\\\/\\\/www.tecnodiamant.it\\\/tr\\\/tecno-diamant-elmas-aletlerinin-yenilikciligini-expo-revestir-2023e-tasiyor\\\/\"},\"author\":{\"name\":\"marketing\",\"@id\":\"https:\\\/\\\/www.tecnodiamant.it\\\/ru\\\/#\\\/schema\\\/person\\\/5865365cf9a3f122fa7ba48260a24572\"},\"headline\":\"Tecno Diamant, elmas aletlerinin yenilik\u00e7ili\u011fini Expo Revestir 2023&#8217;e ta\u015f\u0131yor\",\"datePublished\":\"2023-02-02T13:59:00+00:00\",\"dateModified\":\"2023-02-02T13:59:01+00:00\",\"mainEntityOfPage\":{\"@id\":\"https:\\\/\\\/www.tecnodiamant.it\\\/tr\\\/tecno-diamant-elmas-aletlerinin-yenilikciligini-expo-revestir-2023e-tasiyor\\\/\"},\"wordCount\":382,\"publisher\":{\"@id\":\"https:\\\/\\\/www.tecnodiamant.it\\\/ru\\\/#organization\"},\"image\":{\"@id\":\"https:\\\/\\\/www.tecnodiamant.it\\\/tr\\\/tecno-diamant-elmas-aletlerinin-yenilikciligini-expo-revestir-2023e-tasiyor\\\/#primaryimage\"},\"thumbnailUrl\":\"https:\\\/\\\/www.tecnodiamant.it\\\/wp-content\\\/uploads\\\/2023\\\/02\\\/tecnodiamant-brasile-2-gen23.jpg\",\"articleSection\":[\"ETKINLIKLER\",\"HABERLER\"],\"inLanguage\":\"tr\"},{\"@type\":\"WebPage\",\"@id\":\"https:\\\/\\\/www.tecnodiamant.it\\\/tr\\\/tecno-diamant-elmas-aletlerinin-yenilikciligini-expo-revestir-2023e-tasiyor\\\/\",\"url\":\"https:\\\/\\\/www.tecnodiamant.it\\\/tr\\\/tecno-diamant-elmas-aletlerinin-yenilikciligini-expo-revestir-2023e-tasiyor\\\/\",\"name\":\"Tecno Diamant, elmas aletlerinin yenilik\u00e7ili\u011fini Expo Revestir 2023'e ta\u015f\u0131yor - Tecno Diamant\",\"isPartOf\":{\"@id\":\"https:\\\/\\\/www.tecnodiamant.it\\\/ru\\\/#website\"},\"primaryImageOfPage\":{\"@id\":\"https:\\\/\\\/www.tecnodiamant.it\\\/tr\\\/tecno-diamant-elmas-aletlerinin-yenilikciligini-expo-revestir-2023e-tasiyor\\\/#primaryimage\"},\"image\":{\"@id\":\"https:\\\/\\\/www.tecnodiamant.it\\\/tr\\\/tecno-diamant-elmas-aletlerinin-yenilikciligini-expo-revestir-2023e-tasiyor\\\/#primaryimage\"},\"thumbnailUrl\":\"https:\\\/\\\/www.tecnodiamant.it\\\/wp-content\\\/uploads\\\/2023\\\/02\\\/tecnodiamant-brasile-2-gen23.jpg\",\"datePublished\":\"2023-02-02T13:59:00+00:00\",\"dateModified\":\"2023-02-02T13:59:01+00:00\",\"description\":\"Tecno Diamant da oltre 30 anni \u00e8 un\u2019azienda specializzata\",\"breadcrumb\":{\"@id\":\"https:\\\/\\\/www.tecnodiamant.it\\\/tr\\\/tecno-diamant-elmas-aletlerinin-yenilikciligini-expo-revestir-2023e-tasiyor\\\/#breadcrumb\"},\"inLanguage\":\"tr\",\"potentialAction\":[{\"@type\":\"ReadAction\",\"target\":[\"https:\\\/\\\/www.tecnodiamant.it\\\/tr\\\/tecno-diamant-elmas-aletlerinin-yenilikciligini-expo-revestir-2023e-tasiyor\\\/\"]}]},{\"@type\":\"ImageObject\",\"inLanguage\":\"tr\",\"@id\":\"https:\\\/\\\/www.tecnodiamant.it\\\/tr\\\/tecno-diamant-elmas-aletlerinin-yenilikciligini-expo-revestir-2023e-tasiyor\\\/#primaryimage\",\"url\":\"https:\\\/\\\/www.tecnodiamant.it\\\/wp-content\\\/uploads\\\/2023\\\/02\\\/tecnodiamant-brasile-2-gen23.jpg\",\"contentUrl\":\"https:\\\/\\\/www.tecnodiamant.it\\\/wp-content\\\/uploads\\\/2023\\\/02\\\/tecnodiamant-brasile-2-gen23.jpg\",\"width\":770,\"height\":385},{\"@type\":\"BreadcrumbList\",\"@id\":\"https:\\\/\\\/www.tecnodiamant.it\\\/tr\\\/tecno-diamant-elmas-aletlerinin-yenilikciligini-expo-revestir-2023e-tasiyor\\\/#breadcrumb\",\"itemListElement\":[{\"@type\":\"ListItem\",\"position\":1,\"name\":\"Home\",\"item\":\"https:\\\/\\\/www.tecnodiamant.it\\\/tr\\\/tecno-diamant-diamanti-industriali\\\/\"},{\"@type\":\"ListItem\",\"position\":2,\"name\":\"Tecno Diamant, elmas aletlerinin yenilik\u00e7ili\u011fini Expo Revestir 2023&#8217;e ta\u015f\u0131yor\"}]},{\"@type\":\"WebSite\",\"@id\":\"https:\\\/\\\/www.tecnodiamant.it\\\/ru\\\/#website\",\"url\":\"https:\\\/\\\/www.tecnodiamant.it\\\/ru\\\/\",\"name\":\"Tecno Diamant\",\"description\":\"Diamanti Industriali\",\"publisher\":{\"@id\":\"https:\\\/\\\/www.tecnodiamant.it\\\/ru\\\/#organization\"},\"potentialAction\":[{\"@type\":\"SearchAction\",\"target\":{\"@type\":\"EntryPoint\",\"urlTemplate\":\"https:\\\/\\\/www.tecnodiamant.it\\\/ru\\\/?s={search_term_string}\"},\"query-input\":{\"@type\":\"PropertyValueSpecification\",\"valueRequired\":true,\"valueName\":\"search_term_string\"}}],\"inLanguage\":\"tr\"},{\"@type\":\"Organization\",\"@id\":\"https:\\\/\\\/www.tecnodiamant.it\\\/ru\\\/#organization\",\"name\":\"Tecno Diamant Srl\",\"url\":\"https:\\\/\\\/www.tecnodiamant.it\\\/ru\\\/\",\"logo\":{\"@type\":\"ImageObject\",\"inLanguage\":\"tr\",\"@id\":\"https:\\\/\\\/www.tecnodiamant.it\\\/ru\\\/#\\\/schema\\\/logo\\\/image\\\/\",\"url\":\"https:\\\/\\\/www.tecnodiamant.it\\\/wp-content\\\/uploads\\\/2022\\\/01\\\/Senza-titolo-2.jpg\",\"contentUrl\":\"https:\\\/\\\/www.tecnodiamant.it\\\/wp-content\\\/uploads\\\/2022\\\/01\\\/Senza-titolo-2.jpg\",\"width\":1200,\"height\":1200,\"caption\":\"Tecno Diamant Srl\"},\"image\":{\"@id\":\"https:\\\/\\\/www.tecnodiamant.it\\\/ru\\\/#\\\/schema\\\/logo\\\/image\\\/\"},\"sameAs\":[\"https:\\\/\\\/www.facebook.com\\\/tecnodiamantsrl\",\"https:\\\/\\\/www.instagram.com\\\/tecnodiamant\\\/\",\"https:\\\/\\\/www.linkedin.com\\\/company\\\/tecnodiamant\",\"https:\\\/\\\/www.youtube.com\\\/watch?v=h-91_36K27g\"],\"description\":\"Tecno Diamant \u2013 Diamanti Industriali \u00e8 un\u2019azienda leader nella produzione e distribuzione di utensili diamantati per gres porcellanato, monocottura, pietre naturali, marmi e graniti. Nata nel 1995 e con sede a Formigine, \u00e8 stata scelta da prestigiose realt\u00e0 ceramiche come partner nelle operazioni di Taglio, Rettifica, Levigatura, Bisellatura, Squadratura e Lappatura. Siamo specializzati nella produzione e vendita di utensili \u201csu misura\u201d, in grado di anticipare le esigenze di mercato e rispondere esattamente alla richiesta del Cliente, privilegiando l\u2019aspetto legato alla salute e al benessere nel rispetto dell\u2019ambiente e di tutta la societ\u00e0. Crediamo molto nella ricerca, nella tecnologia e nell\u2019innovazione che sono anche le caratteristiche che ci rappresentano.\",\"email\":\"info@tecnodiamant.it\",\"telephone\":\"059 215 4420\",\"legalName\":\"Tecno Diamant Srl\",\"vatID\":\"02301500365\",\"taxID\":\"02301500365\",\"numberOfEmployees\":{\"@type\":\"QuantitativeValue\",\"minValue\":\"51\",\"maxValue\":\"200\"}},{\"@type\":\"Person\",\"@id\":\"https:\\\/\\\/www.tecnodiamant.it\\\/ru\\\/#\\\/schema\\\/person\\\/5865365cf9a3f122fa7ba48260a24572\",\"name\":\"marketing\",\"url\":\"https:\\\/\\\/www.tecnodiamant.it\\\/tr\\\/author\\\/marketing\\\/\"}]}<\/script>\n<!-- \/ Yoast SEO Premium plugin. -->","yoast_head_json":{"title":"Tecno Diamant, elmas aletlerinin yenilik\u00e7ili\u011fini Expo Revestir 2023'e ta\u015f\u0131yor - Tecno Diamant","description":"Tecno Diamant da oltre 30 anni \u00e8 un\u2019azienda specializzata","robots":{"index":"index","follow":"follow","max-snippet":"max-snippet:-1","max-image-preview":"max-image-preview:large","max-video-preview":"max-video-preview:-1"},"canonical":"https:\/\/www.tecnodiamant.it\/tr\/tecno-diamant-elmas-aletlerinin-yenilikciligini-expo-revestir-2023e-tasiyor\/","og_locale":"tr_TR","og_type":"article","og_title":"Tecno Diamant, elmas aletlerinin yenilik\u00e7ili\u011fini Expo Revestir 2023'e ta\u015f\u0131yor","og_description":"Tecno Diamant da oltre 30 anni \u00e8 un\u2019azienda specializzata","og_url":"https:\/\/www.tecnodiamant.it\/tr\/tecno-diamant-elmas-aletlerinin-yenilikciligini-expo-revestir-2023e-tasiyor\/","og_site_name":"Tecno Diamant","article_publisher":"https:\/\/www.facebook.com\/tecnodiamantsrl","article_published_time":"2023-02-02T13:59:00+00:00","article_modified_time":"2023-02-02T13:59:01+00:00","og_image":[{"width":770,"height":385,"url":"https:\/\/www.tecnodiamant.it\/wp-content\/uploads\/2023\/02\/tecnodiamant-brasile-2-gen23.jpg","type":"image\/jpeg"}],"author":"marketing","twitter_card":"summary_large_image","schema":{"@context":"https:\/\/schema.org","@graph":[{"@type":"Article","@id":"https:\/\/www.tecnodiamant.it\/tr\/tecno-diamant-elmas-aletlerinin-yenilikciligini-expo-revestir-2023e-tasiyor\/#article","isPartOf":{"@id":"https:\/\/www.tecnodiamant.it\/tr\/tecno-diamant-elmas-aletlerinin-yenilikciligini-expo-revestir-2023e-tasiyor\/"},"author":{"name":"marketing","@id":"https:\/\/www.tecnodiamant.it\/ru\/#\/schema\/person\/5865365cf9a3f122fa7ba48260a24572"},"headline":"Tecno Diamant, elmas aletlerinin yenilik\u00e7ili\u011fini Expo Revestir 2023&#8217;e ta\u015f\u0131yor","datePublished":"2023-02-02T13:59:00+00:00","dateModified":"2023-02-02T13:59:01+00:00","mainEntityOfPage":{"@id":"https:\/\/www.tecnodiamant.it\/tr\/tecno-diamant-elmas-aletlerinin-yenilikciligini-expo-revestir-2023e-tasiyor\/"},"wordCount":382,"publisher":{"@id":"https:\/\/www.tecnodiamant.it\/ru\/#organization"},"image":{"@id":"https:\/\/www.tecnodiamant.it\/tr\/tecno-diamant-elmas-aletlerinin-yenilikciligini-expo-revestir-2023e-tasiyor\/#primaryimage"},"thumbnailUrl":"https:\/\/www.tecnodiamant.it\/wp-content\/uploads\/2023\/02\/tecnodiamant-brasile-2-gen23.jpg","articleSection":["ETKINLIKLER","HABERLER"],"inLanguage":"tr"},{"@type":"WebPage","@id":"https:\/\/www.tecnodiamant.it\/tr\/tecno-diamant-elmas-aletlerinin-yenilikciligini-expo-revestir-2023e-tasiyor\/","url":"https:\/\/www.tecnodiamant.it\/tr\/tecno-diamant-elmas-aletlerinin-yenilikciligini-expo-revestir-2023e-tasiyor\/","name":"Tecno Diamant, elmas aletlerinin yenilik\u00e7ili\u011fini Expo Revestir 2023'e ta\u015f\u0131yor - Tecno Diamant","isPartOf":{"@id":"https:\/\/www.tecnodiamant.it\/ru\/#website"},"primaryImageOfPage":{"@id":"https:\/\/www.tecnodiamant.it\/tr\/tecno-diamant-elmas-aletlerinin-yenilikciligini-expo-revestir-2023e-tasiyor\/#primaryimage"},"image":{"@id":"https:\/\/www.tecnodiamant.it\/tr\/tecno-diamant-elmas-aletlerinin-yenilikciligini-expo-revestir-2023e-tasiyor\/#primaryimage"},"thumbnailUrl":"https:\/\/www.tecnodiamant.it\/wp-content\/uploads\/2023\/02\/tecnodiamant-brasile-2-gen23.jpg","datePublished":"2023-02-02T13:59:00+00:00","dateModified":"2023-02-02T13:59:01+00:00","description":"Tecno Diamant da oltre 30 anni \u00e8 un\u2019azienda specializzata","breadcrumb":{"@id":"https:\/\/www.tecnodiamant.it\/tr\/tecno-diamant-elmas-aletlerinin-yenilikciligini-expo-revestir-2023e-tasiyor\/#breadcrumb"},"inLanguage":"tr","potentialAction":[{"@type":"ReadAction","target":["https:\/\/www.tecnodiamant.it\/tr\/tecno-diamant-elmas-aletlerinin-yenilikciligini-expo-revestir-2023e-tasiyor\/"]}]},{"@type":"ImageObject","inLanguage":"tr","@id":"https:\/\/www.tecnodiamant.it\/tr\/tecno-diamant-elmas-aletlerinin-yenilikciligini-expo-revestir-2023e-tasiyor\/#primaryimage","url":"https:\/\/www.tecnodiamant.it\/wp-content\/uploads\/2023\/02\/tecnodiamant-brasile-2-gen23.jpg","contentUrl":"https:\/\/www.tecnodiamant.it\/wp-content\/uploads\/2023\/02\/tecnodiamant-brasile-2-gen23.jpg","width":770,"height":385},{"@type":"BreadcrumbList","@id":"https:\/\/www.tecnodiamant.it\/tr\/tecno-diamant-elmas-aletlerinin-yenilikciligini-expo-revestir-2023e-tasiyor\/#breadcrumb","itemListElement":[{"@type":"ListItem","position":1,"name":"Home","item":"https:\/\/www.tecnodiamant.it\/tr\/tecno-diamant-diamanti-industriali\/"},{"@type":"ListItem","position":2,"name":"Tecno Diamant, elmas aletlerinin yenilik\u00e7ili\u011fini Expo Revestir 2023&#8217;e ta\u015f\u0131yor"}]},{"@type":"WebSite","@id":"https:\/\/www.tecnodiamant.it\/ru\/#website","url":"https:\/\/www.tecnodiamant.it\/ru\/","name":"Tecno Diamant","description":"Diamanti Industriali","publisher":{"@id":"https:\/\/www.tecnodiamant.it\/ru\/#organization"},"potentialAction":[{"@type":"SearchAction","target":{"@type":"EntryPoint","urlTemplate":"https:\/\/www.tecnodiamant.it\/ru\/?s={search_term_string}"},"query-input":{"@type":"PropertyValueSpecification","valueRequired":true,"valueName":"search_term_string"}}],"inLanguage":"tr"},{"@type":"Organization","@id":"https:\/\/www.tecnodiamant.it\/ru\/#organization","name":"Tecno Diamant Srl","url":"https:\/\/www.tecnodiamant.it\/ru\/","logo":{"@type":"ImageObject","inLanguage":"tr","@id":"https:\/\/www.tecnodiamant.it\/ru\/#\/schema\/logo\/image\/","url":"https:\/\/www.tecnodiamant.it\/wp-content\/uploads\/2022\/01\/Senza-titolo-2.jpg","contentUrl":"https:\/\/www.tecnodiamant.it\/wp-content\/uploads\/2022\/01\/Senza-titolo-2.jpg","width":1200,"height":1200,"caption":"Tecno Diamant Srl"},"image":{"@id":"https:\/\/www.tecnodiamant.it\/ru\/#\/schema\/logo\/image\/"},"sameAs":["https:\/\/www.facebook.com\/tecnodiamantsrl","https:\/\/www.instagram.com\/tecnodiamant\/","https:\/\/www.linkedin.com\/company\/tecnodiamant","https:\/\/www.youtube.com\/watch?v=h-91_36K27g"],"description":"Tecno Diamant \u2013 Diamanti Industriali \u00e8 un\u2019azienda leader nella produzione e distribuzione di utensili diamantati per gres porcellanato, monocottura, pietre naturali, marmi e graniti. Nata nel 1995 e con sede a Formigine, \u00e8 stata scelta da prestigiose realt\u00e0 ceramiche come partner nelle operazioni di Taglio, Rettifica, Levigatura, Bisellatura, Squadratura e Lappatura. Siamo specializzati nella produzione e vendita di utensili \u201csu misura\u201d, in grado di anticipare le esigenze di mercato e rispondere esattamente alla richiesta del Cliente, privilegiando l\u2019aspetto legato alla salute e al benessere nel rispetto dell\u2019ambiente e di tutta la societ\u00e0. Crediamo molto nella ricerca, nella tecnologia e nell\u2019innovazione che sono anche le caratteristiche che ci rappresentano.","email":"info@tecnodiamant.it","telephone":"059 215 4420","legalName":"Tecno Diamant Srl","vatID":"02301500365","taxID":"02301500365","numberOfEmployees":{"@type":"QuantitativeValue","minValue":"51","maxValue":"200"}},{"@type":"Person","@id":"https:\/\/www.tecnodiamant.it\/ru\/#\/schema\/person\/5865365cf9a3f122fa7ba48260a24572","name":"marketing","url":"https:\/\/www.tecnodiamant.it\/tr\/author\/marketing\/"}]}},"_links":{"self":[{"href":"https:\/\/www.tecnodiamant.it\/tr\/wp-json\/wp\/v2\/posts\/32801","targetHints":{"allow":["GET"]}}],"collection":[{"href":"https:\/\/www.tecnodiamant.it\/tr\/wp-json\/wp\/v2\/posts"}],"about":[{"href":"https:\/\/www.tecnodiamant.it\/tr\/wp-json\/wp\/v2\/types\/post"}],"author":[{"embeddable":true,"href":"https:\/\/www.tecnodiamant.it\/tr\/wp-json\/wp\/v2\/users\/4"}],"replies":[{"embeddable":true,"href":"https:\/\/www.tecnodiamant.it\/tr\/wp-json\/wp\/v2\/comments?post=32801"}],"version-history":[{"count":1,"href":"https:\/\/www.tecnodiamant.it\/tr\/wp-json\/wp\/v2\/posts\/32801\/revisions"}],"predecessor-version":[{"id":32802,"href":"https:\/\/www.tecnodiamant.it\/tr\/wp-json\/wp\/v2\/posts\/32801\/revisions\/32802"}],"wp:featuredmedia":[{"embeddable":true,"href":"https:\/\/www.tecnodiamant.it\/tr\/wp-json\/wp\/v2\/media\/32788"}],"wp:attachment":[{"href":"https:\/\/www.tecnodiamant.it\/tr\/wp-json\/wp\/v2\/media?parent=32801"}],"wp:term":[{"taxonomy":"category","embeddable":true,"href":"https:\/\/www.tecnodiamant.it\/tr\/wp-json\/wp\/v2\/categories?post=32801"},{"taxonomy":"post_tag","embeddable":true,"href":"https:\/\/www.tecnodiamant.it\/tr\/wp-json\/wp\/v2\/tags?post=32801"}],"curies":[{"name":"wp","href":"https:\/\/api.w.org\/{rel}","templated":true}]}}